{"id":2,"count":3,"description":"Une s\u00e9lection de projets d\u00e9velopp\u00e9s au cours de mon parcours, explorant les liens entre art contemporain, engagement social et pratiques curatoriales sensibles.","link":"https:\/\/iesa.sapikdesign.com\/mcdoa2\/francesca\/category\/projets\/","name":"Projets","slug":"projets","taxonomy":"category","parent":0,"meta":[],"_links":{"self":[{"href":"https:\/\/iesa.sapikdesign.com\/mcdoa2\/francesca\/wp-json\/wp\/v2\/categories\/2","targetHints":{"allow":["GET"]}}],"collection":[{"href":"https:\/\/iesa.sapikdesign.com\/mcdoa2\/francesca\/wp-json\/wp\/v2\/categories"}],"about":[{"href":"https:\/\/iesa.sapikdesign.com\/mcdoa2\/francesca\/wp-json\/wp\/v2\/taxonomies\/category"}],"wp:post_type":[{"href":"https:\/\/iesa.sapikdesign.com\/mcdoa2\/francesca\/wp-json\/wp\/v2\/posts?categories=2"}],"curies":[{"name":"wp","href":"https:\/\/api.w.org\/{rel}","templated":true}]}}